{"id":1047,"date":"2018-09-13T21:00:27","date_gmt":"2018-09-14T00:00:27","guid":{"rendered":"http:\/\/sanordesteriosul.com.br\/?p=1047"},"modified":"2019-06-28T13:01:46","modified_gmt":"2019-06-28T16:01:46","slug":"edital-leilao-13-09-2018","status":"publish","type":"post","link":"https:\/\/sanordesteriosul.com.br\/index.php\/2018\/09\/13\/edital-leilao-13-09-2018\/","title":{"rendered":""},"content":{"rendered":"<h2>Edital Leil\u00e3o 13-09-2018<\/h2>\n<p>Edital do Leil\u00e3o Judicial, a ser realizado em:<\/p>\n<p>(1\u00aa Pra\u00e7a): dia 13\/09\/2018, \u00e0s 14:00 horas, no Audit\u00f3rio da Corregedoria Geral da Justi\u00e7a, Desembargador Jos\u00e9 Navega Cretton, situado na Av. Erasmo Braga, n\u00ba 115, 7\u00ba andar, L\u00e2mina I, Castelo, Rio de Janeiro \/ RJ<\/p>\n<p>(2\u00aa Pra\u00e7a): dia 20\/09\/2018, \u00e0s 14:00 horas, no Audit\u00f3rio da Corregedoria Geral da Justi\u00e7a, Desembargador Jos\u00e9 Navega Cretton, situado na Av. Erasmo Braga, n\u00ba 115, 7\u00ba andar, L\u00e2mina I, Castelo, Rio de Janeiro \/ RJ<\/p>\n<p>LEIL\u00c3O ELETR\u00d4NICO, estando\u00a0aberto para lances pelo site\u00a0<u><a href=\"http:\/\/www.leiloesviacaoaerea.com.br\/\">www.leiloesviacaoaerea.com.br<\/a><\/u><\/p>\n<p><strong>Processo n\u00ba:<\/strong>0260447-16.2010.8.19.0001<\/p>\n<p>Massa Falida de: S. A. (Via\u00e7\u00e3o A\u00e9rea Rio Grandense), Rio Sul Linhas A\u00e9reas S\/A e Nordeste Linhas A\u00e9reas S\/A.<\/p>\n<p>Anexo: <a href=\"http:\/\/sanordesteriosul.com.br\/wp-content\/uploads\/2019\/06\/Edital_Leil\u00e3o_13-09-2018.pdf\" target=\"_blank\" rel=\"noopener noreferrer\">Edital Leil\u00e3o 13-09-2018<\/a><\/p>\n","protected":false},"excerpt":{"rendered":"<p>Edital Leil\u00e3o 13-09-2018 Edital do Leil\u00e3o Judicial, a ser realizado em: (1\u00aa Pra\u00e7a): dia 13\/09\/2018, \u00e0s 14:00 horas, no Audit\u00f3rio da Corregedoria Geral da Justi\u00e7a, Desembargador Jos\u00e9 Navega Cretton, situado na Av. Erasmo Braga, n\u00ba 115, 7\u00ba andar, L\u00e2mina I, Castelo, Rio de Janeiro \/ RJ (2\u00aa Pra\u00e7a): dia 20\/09\/2018, \u00e0s 14:00 horas, no Audit\u00f3rio &hellip; <a href=\"https:\/\/sanordesteriosul.com.br\/index.php\/2018\/09\/13\/edital-leilao-13-09-2018\/\" class=\"more-link\">Continue lendo<span class=\"screen-reader-text\"> &#8220;&#8221;<\/span><\/a><\/p>\n","protected":false},"author":1,"featured_media":0,"comment_status":"open","ping_status":"open","sticky":false,"template":"","format":"standard","meta":{"footnotes":""},"categories":[19],"tags":[23],"class_list":["post-1047","post","type-post","status-publish","format-standard","hentry","category-editais","tag-edital-leilao-13-09-2018-e-20-09-2018"],"_links":{"self":[{"href":"https:\/\/sanordesteriosul.com.br\/index.php\/wp-json\/wp\/v2\/posts\/1047","targetHints":{"allow":["GET"]}}],"collection":[{"href":"https:\/\/sanordesteriosul.com.br\/index.php\/wp-json\/wp\/v2\/posts"}],"about":[{"href":"https:\/\/sanordesteriosul.com.br\/index.php\/wp-json\/wp\/v2\/types\/post"}],"author":[{"embeddable":true,"href":"https:\/\/sanordesteriosul.com.br\/index.php\/wp-json\/wp\/v2\/users\/1"}],"replies":[{"embeddable":true,"href":"https:\/\/sanordesteriosul.com.br\/index.php\/wp-json\/wp\/v2\/comments?post=1047"}],"version-history":[{"count":6,"href":"https:\/\/sanordesteriosul.com.br\/index.php\/wp-json\/wp\/v2\/posts\/1047\/revisions"}],"predecessor-version":[{"id":1474,"href":"https:\/\/sanordesteriosul.com.br\/index.php\/wp-json\/wp\/v2\/posts\/1047\/revisions\/1474"}],"wp:attachment":[{"href":"https:\/\/sanordesteriosul.com.br\/index.php\/wp-json\/wp\/v2\/media?parent=1047"}],"wp:term":[{"taxonomy":"category","embeddable":true,"href":"https:\/\/sanordesteriosul.com.br\/index.php\/wp-json\/wp\/v2\/categories?post=1047"},{"taxonomy":"post_tag","embeddable":true,"href":"https:\/\/sanordesteriosul.com.br\/index.php\/wp-json\/wp\/v2\/tags?post=1047"}],"curies":[{"name":"wp","href":"https:\/\/api.w.org\/{rel}","templated":true}]}}