{"id":1730,"date":"2019-07-31T18:59:51","date_gmt":"2019-07-31T21:59:51","guid":{"rendered":"http:\/\/sanordesteriosul.com.br\/?p=1730"},"modified":"2019-08-01T17:02:51","modified_gmt":"2019-08-01T20:02:51","slug":"acao-de-defasagem-tarifaria","status":"publish","type":"post","link":"https:\/\/sanordesteriosul.com.br\/index.php\/2019\/07\/31\/acao-de-defasagem-tarifaria\/","title":{"rendered":"A\u00e7\u00e3o de Defasagem Tarif\u00e1ria"},"content":{"rendered":"<p>Comunicamos, com satisfa\u00e7\u00e3o, que a a\u00e7\u00e3o de defasagem tarif\u00e1ria que tramita na 17\u00aa Vara Federal de Bras\u00edlia, encontra- se em fase de cumprimento de senten\u00e7a. Destaca- se que a pr\u00f3pria Uni\u00e3o\u00a0j\u00e1 reconheceu em sua manifesta\u00e7\u00e3o, como devido um valor de R$2.861.072.240,84 (dois bilh\u00f5es, oitocentos e sessenta e um milh\u00f5es, setenta e dois mil, duzentos e quarenta reais e oitenta e quatro centavos), sendo este, portanto, valor incontroverso nestes autos. Os valores remanescentes continuam em discuss\u00e3o.<\/p>\n<p>Informamos ainda, que o ju\u00edzo da 17\u00aa Vara Federal do Distrito Federal proferiu decis\u00e3o no dia 01\/07\/2019, reconhecendo o efeito legal da impugna\u00e7\u00e3o ao cumprimento de senten\u00e7a apresentado pela Uni\u00e3o em 13\/03\/2019, bem como determinando a suspens\u00e3o do cumprimento de senten\u00e7a. Com rela\u00e7\u00e3o \u00e0 mencionada decis\u00e3o, importante esclarecer que tal suspens\u00e3o j\u00e1 era prevista, j\u00e1 que a lei estabelece que qualquer impugna\u00e7\u00e3o tenha efeito suspensivo: Art. 535, \u00a7\u00a73\u00ba e \u00a74\u00ba do Novo C\u00f3digo de Processo Civil.<\/p>\n","protected":false},"excerpt":{"rendered":"<p>Comunicamos, com satisfa\u00e7\u00e3o, que a a\u00e7\u00e3o de defasagem tarif\u00e1ria que tramita na 17\u00aa Vara Federal de Bras\u00edlia, encontra- se em fase de cumprimento de senten\u00e7a. Destaca- se que a pr\u00f3pria Uni\u00e3o\u00a0j\u00e1 reconheceu em sua manifesta\u00e7\u00e3o, como devido um valor de R$2.861.072.240,84 (dois bilh\u00f5es, oitocentos e sessenta e um milh\u00f5es, setenta e dois mil, duzentos e &hellip; <a href=\"https:\/\/sanordesteriosul.com.br\/index.php\/2019\/07\/31\/acao-de-defasagem-tarifaria\/\" class=\"more-link\">Continue lendo<span class=\"screen-reader-text\"> &#8220;A\u00e7\u00e3o de Defasagem Tarif\u00e1ria&#8221;<\/span><\/a><\/p>\n","protected":false},"author":1,"featured_media":0,"comment_status":"open","ping_status":"open","sticky":false,"template":"","format":"standard","meta":{"footnotes":""},"categories":[20],"tags":[62],"class_list":["post-1730","post","type-post","status-publish","format-standard","hentry","category-noticias","tag-acao-de-defasagem-tarifaria"],"_links":{"self":[{"href":"https:\/\/sanordesteriosul.com.br\/index.php\/wp-json\/wp\/v2\/posts\/1730","targetHints":{"allow":["GET"]}}],"collection":[{"href":"https:\/\/sanordesteriosul.com.br\/index.php\/wp-json\/wp\/v2\/posts"}],"about":[{"href":"https:\/\/sanordesteriosul.com.br\/index.php\/wp-json\/wp\/v2\/types\/post"}],"author":[{"embeddable":true,"href":"https:\/\/sanordesteriosul.com.br\/index.php\/wp-json\/wp\/v2\/users\/1"}],"replies":[{"embeddable":true,"href":"https:\/\/sanordesteriosul.com.br\/index.php\/wp-json\/wp\/v2\/comments?post=1730"}],"version-history":[{"count":2,"href":"https:\/\/sanordesteriosul.com.br\/index.php\/wp-json\/wp\/v2\/posts\/1730\/revisions"}],"predecessor-version":[{"id":1732,"href":"https:\/\/sanordesteriosul.com.br\/index.php\/wp-json\/wp\/v2\/posts\/1730\/revisions\/1732"}],"wp:attachment":[{"href":"https:\/\/sanordesteriosul.com.br\/index.php\/wp-json\/wp\/v2\/media?parent=1730"}],"wp:term":[{"taxonomy":"category","embeddable":true,"href":"https:\/\/sanordesteriosul.com.br\/index.php\/wp-json\/wp\/v2\/categories?post=1730"},{"taxonomy":"post_tag","embeddable":true,"href":"https:\/\/sanordesteriosul.com.br\/index.php\/wp-json\/wp\/v2\/tags?post=1730"}],"curies":[{"name":"wp","href":"https:\/\/api.w.org\/{rel}","templated":true}]}}