{"id":1794,"date":"2019-12-09T17:50:53","date_gmt":"2019-12-09T19:50:53","guid":{"rendered":"http:\/\/sanordesteriosul.com.br\/?p=1794"},"modified":"2019-12-09T17:50:53","modified_gmt":"2019-12-09T19:50:53","slug":"noticia-sobre-rateio-e-decisao-de-agravo","status":"publish","type":"post","link":"https:\/\/sanordesteriosul.com.br\/index.php\/2019\/12\/09\/noticia-sobre-rateio-e-decisao-de-agravo\/","title":{"rendered":"Not\u00edcia sobre rateio e decis\u00e3o de Agravo"},"content":{"rendered":"<p style=\"font-weight: 400;\">Comunicamos que n\u00e3o houve recurso contra a realiza\u00e7\u00e3o do 3\u00ba rateio, bem como n\u00e3o houve oposi\u00e7\u00e3o do Minist\u00e9rio P\u00fablico com rela\u00e7\u00e3o ao pedido deferido.<\/p>\n<p style=\"font-weight: 400;\">Informamos ainda que a 4\u00aa C\u00e2mara C\u00edvel considerou procedente o Agravo de Instrumento interposto pela Uni\u00e3o e aceitou o pedido de inclus\u00e3o dos cr\u00e9ditos referente ao FGTS nos rateios de arremata\u00e7\u00f5es de im\u00f3veis nos leil\u00f5es realizados em 16\/11\/2017 e 23\/11\/2017.<\/p>\n<p style=\"font-weight: 400;\">Vamos recorrer da decis\u00e3o pois a inclus\u00e3o da Uni\u00e3o como credor do FGTS poder\u00e1 interferir no 3\u00ba e nos futuros rateios j\u00e1 que os referidos cr\u00e9ditos estavam reconhecidos no quadro geral de credores como de titularidade dos ex-funcion\u00e1rios das Massas Falidas.<\/p>\n","protected":false},"excerpt":{"rendered":"<p>Comunicamos que n\u00e3o houve recurso contra a realiza\u00e7\u00e3o do 3\u00ba rateio, bem como n\u00e3o houve oposi\u00e7\u00e3o do Minist\u00e9rio P\u00fablico com rela\u00e7\u00e3o ao pedido deferido. Informamos ainda que a 4\u00aa C\u00e2mara C\u00edvel considerou procedente o Agravo de Instrumento interposto pela Uni\u00e3o e aceitou o pedido de inclus\u00e3o dos cr\u00e9ditos referente ao FGTS nos rateios de arremata\u00e7\u00f5es &hellip; <a href=\"https:\/\/sanordesteriosul.com.br\/index.php\/2019\/12\/09\/noticia-sobre-rateio-e-decisao-de-agravo\/\" class=\"more-link\">Continue lendo<span class=\"screen-reader-text\"> &#8220;Not\u00edcia sobre rateio e decis\u00e3o de Agravo&#8221;<\/span><\/a><\/p>\n","protected":false},"author":1,"featured_media":0,"comment_status":"open","ping_status":"open","sticky":false,"template":"","format":"standard","meta":{"footnotes":""},"categories":[20],"tags":[64],"class_list":["post-1794","post","type-post","status-publish","format-standard","hentry","category-noticias","tag-noticia-sobre-rateio-e-decisao-de-agravo"],"_links":{"self":[{"href":"https:\/\/sanordesteriosul.com.br\/index.php\/wp-json\/wp\/v2\/posts\/1794","targetHints":{"allow":["GET"]}}],"collection":[{"href":"https:\/\/sanordesteriosul.com.br\/index.php\/wp-json\/wp\/v2\/posts"}],"about":[{"href":"https:\/\/sanordesteriosul.com.br\/index.php\/wp-json\/wp\/v2\/types\/post"}],"author":[{"embeddable":true,"href":"https:\/\/sanordesteriosul.com.br\/index.php\/wp-json\/wp\/v2\/users\/1"}],"replies":[{"embeddable":true,"href":"https:\/\/sanordesteriosul.com.br\/index.php\/wp-json\/wp\/v2\/comments?post=1794"}],"version-history":[{"count":1,"href":"https:\/\/sanordesteriosul.com.br\/index.php\/wp-json\/wp\/v2\/posts\/1794\/revisions"}],"predecessor-version":[{"id":1795,"href":"https:\/\/sanordesteriosul.com.br\/index.php\/wp-json\/wp\/v2\/posts\/1794\/revisions\/1795"}],"wp:attachment":[{"href":"https:\/\/sanordesteriosul.com.br\/index.php\/wp-json\/wp\/v2\/media?parent=1794"}],"wp:term":[{"taxonomy":"category","embeddable":true,"href":"https:\/\/sanordesteriosul.com.br\/index.php\/wp-json\/wp\/v2\/categories?post=1794"},{"taxonomy":"post_tag","embeddable":true,"href":"https:\/\/sanordesteriosul.com.br\/index.php\/wp-json\/wp\/v2\/tags?post=1794"}],"curies":[{"name":"wp","href":"https:\/\/api.w.org\/{rel}","templated":true}]}}