{"id":41,"count":1,"description":"","link":"https:\/\/sanordesteriosul.com.br\/index.php\/tag\/edital-de-convite-para-a-selecao-de-especialistas-em-avaliacao-de-bens-imoveis\/","name":"EDITAL DE CONVITE PARA A SELE\u00c7\u00c3O DE ESPECIALISTAS EM AVALIA\u00c7\u00c3O DE BENS IM\u00d3VEIS","slug":"edital-de-convite-para-a-selecao-de-especialistas-em-avaliacao-de-bens-imoveis","taxonomy":"post_tag","meta":[],"_links":{"self":[{"href":"https:\/\/sanordesteriosul.com.br\/index.php\/wp-json\/wp\/v2\/tags\/41","targetHints":{"allow":["GET"]}}],"collection":[{"href":"https:\/\/sanordesteriosul.com.br\/index.php\/wp-json\/wp\/v2\/tags"}],"about":[{"href":"https:\/\/sanordesteriosul.com.br\/index.php\/wp-json\/wp\/v2\/taxonomies\/post_tag"}],"wp:post_type":[{"href":"https:\/\/sanordesteriosul.com.br\/index.php\/wp-json\/wp\/v2\/posts?tags=41"}],"curies":[{"name":"wp","href":"https:\/\/api.w.org\/{rel}","templated":true}]}}